{"id":1736,"date":"2025-03-25T18:54:38","date_gmt":"2025-03-25T18:54:38","guid":{"rendered":"https:\/\/www.dailycarride.com\/?p=1736"},"modified":"2025-03-25T18:55:19","modified_gmt":"2025-03-25T18:55:19","slug":"quel-porte-velo-choisir-selon-votre-vehicule-et-votre-usage","status":"publish","type":"post","link":"https:\/\/www.dailycarride.com\/fr\/quel-porte-velo-choisir-selon-votre-vehicule-et-votre-usage\/","title":{"rendered":"Quel porte-v\u00e9lo choisir selon votre v\u00e9hicule et votre usage ?"},"content":{"rendered":"\n<p>Je n&rsquo;ai jamais utilis\u00e9 de porte v\u00e9lo car j&rsquo;\u00e9tais pendant des ann\u00e9es seul avec un grand monospace, le v\u00e9lo rentrait donc facilement dans le coffre. Maintenant que je suis en famille avec 2 enfants, la question du porte v\u00e9lo est indispensable. Transporter ses v\u00e9los en toute s\u00e9curit\u00e9 est essentiel, que ce soit pour partir en vacances, faire du sport ou simplement se balader en famille. Il existe plusieurs types de porte-v\u00e9los, chacun avec ses avantages et inconv\u00e9nients. <strong>Toit, coffre, attelage\u2026<\/strong> D\u00e9couvrez quel mod\u00e8le vous convient le mieux selon votre usage et votre type de v\u00e9hicule !<\/p>\n\n\n\n<hr class=\"wp-block-separator has-alpha-channel-opacity\"\/>\n\n\n\n<h2 class=\"wp-block-heading\"><strong>1. Les types de porte-v\u00e9los disponibles sur le march\u00e9<\/strong><\/h2>\n\n\n\n<h3 class=\"wp-block-heading\"><strong>\ud83d\udd39 Le porte-v\u00e9lo sur attelage : le plus pratique<\/strong><\/h3>\n\n\n\n<p><strong>Id\u00e9al pour :<\/strong> une famille, un couple de sportifs ou un usage fr\u00e9quent<br><strong>Capacit\u00e9 :<\/strong> jusqu\u2019\u00e0 <strong>4 v\u00e9los<\/strong><\/p>\n\n\n\n<p>\ud83d\udccc Se fixe directement sur l\u2019attelage, offrant une grande stabilit\u00e9. Certains mod\u00e8les sont basculants pour acc\u00e9der au coffre m\u00eame charg\u00e9s.<\/p>\n\n\n\n<p>\u2705 <strong>Avantages :<\/strong><br>\u2714\ufe0f Facile \u00e0 charger (pas besoin de soulever les v\u00e9los)<br>\u2714\ufe0f Bonne stabilit\u00e9 et s\u00e9curit\u00e9<br>\u2714\ufe0f Convient aux v\u00e9los lourds (VTT, VAE)<\/p>\n\n\n\n<p>\u274c <strong>Inconv\u00e9nients :<\/strong><br>\u274c N\u00e9cessite un attelage (installation co\u00fbteuse si votre voiture n\u2019en a pas)<br>\u274c Cache parfois la plaque et les feux (pr\u00e9voir un mod\u00e8le homologu\u00e9 avec feux et support de plaque)<\/p>\n\n\n\n<h3 class=\"wp-block-heading\"><strong>\ud83d\udd39 Le porte-v\u00e9lo sur coffre : le plus abordable<\/strong><\/h3>\n\n\n\n<p><strong>Id\u00e9al pour :<\/strong> un usage occasionnel ou les petites voitures<br><strong>Capacit\u00e9 :<\/strong> jusqu\u2019\u00e0 <strong>3 v\u00e9los<\/strong><\/p>\n\n\n\n<p>\ud83d\udccc Fix\u00e9 avec des sangles sur le hayon arri\u00e8re. Convient bien aux v\u00e9hicules sans attelage.<\/p>\n\n\n\n<p>\u2705 <strong>Avantages :<\/strong><br>\u2714\ufe0f Peu co\u00fbteux<br>\u2714\ufe0f Facile \u00e0 installer et \u00e0 retirer<br>\u2714\ufe0f Adaptable \u00e0 de nombreux v\u00e9hicules<\/p>\n\n\n\n<p>\u274c <strong>Inconv\u00e9nients :<\/strong><br>\u274c Moins stable qu\u2019un mod\u00e8le sur attelage<br>\u274c Peut g\u00eaner l\u2019acc\u00e8s au coffre<br>\u274c Risque d\u2019ab\u00eemer la carrosserie si mal fix\u00e9<\/p>\n\n\n\n<h3 class=\"wp-block-heading\"><strong>\ud83d\udd39 Le porte-v\u00e9lo sur toit : pour maximiser l\u2019espace<\/strong><\/h3>\n\n\n\n<p><strong>Id\u00e9al pour :<\/strong> les solos ou les couples sportifs<br><strong>Capacit\u00e9 :<\/strong> jusqu\u2019\u00e0 <strong>4 v\u00e9los<\/strong> (1 par rail)<\/p>\n\n\n\n<p>\ud83d\udccc Se fixe sur des barres de toit et maintient le v\u00e9lo en position verticale.<\/p>\n\n\n\n<p>\u2705 <strong>Avantages :<\/strong><br>\u2714\ufe0f Laisse le coffre libre<br>\u2714\ufe0f Bonne stabilit\u00e9<br>\u2714\ufe0f Ne g\u00eane pas la visibilit\u00e9 arri\u00e8re<\/p>\n\n\n\n<p>\u274c <strong>Inconv\u00e9nients :<\/strong><br>\u274c N\u00e9cessite des barres de toit<br>\u274c Demande de soulever les v\u00e9los assez haut (compliqu\u00e9 pour les v\u00e9los lourds)<br>\u274c Augmente la consommation de carburant<\/p>\n\n\n\n<hr class=\"wp-block-separator has-alpha-channel-opacity\"\/>\n\n\n\n<h2 class=\"wp-block-heading\"><strong>2. Quel porte-v\u00e9lo pour votre situation ?<\/strong><\/h2>\n\n\n\n<h3 class=\"wp-block-heading\"><strong>\ud83d\udeb2 Une famille de 2 parents et 2 enfants<\/strong><\/h3>\n\n\n\n<p>\u2705 <strong>Id\u00e9al :<\/strong> un porte-v\u00e9lo <strong>sur attelage pour 4 v\u00e9los<\/strong><br>\ud83d\udccc Ex : <strong>Thule VeloCompact 926<\/strong> \u2013 stable, pratique, acc\u00e8s coffre basculant<\/p>\n\n\n\n<h3 class=\"wp-block-heading\"><strong>\ud83d\udeb4\u200d\u2642\ufe0f Un couple sportif<\/strong><\/h3>\n\n\n\n<p>\u2705 <strong>Id\u00e9al :<\/strong> <strong>porte-v\u00e9los sur toit ou sur attelage<\/strong><br>\ud83d\udccc Ex : <strong>Thule ProRide 598<\/strong> (toit, pour v\u00e9los l\u00e9gers) ou <strong>Buzz Rack E-Scorpion<\/strong> (attelage, pour VTT\/VAE)<\/p>\n\n\n\n<h3 class=\"wp-block-heading\"><strong>\ud83d\udee3\ufe0f En solo<\/strong><\/h3>\n\n\n\n<p>\u2705 <strong>Id\u00e9al :<\/strong> <strong>porte-v\u00e9lo sur coffre ou sur toit<\/strong><br>\ud83d\udccc Ex : <strong>Peruzzo Pure Instinct<\/strong> (coffre, compact) ou <strong>Yakima FrontLoader<\/strong> (toit, simple et rapide)<\/p>\n\n\n\n<h3 class=\"wp-block-heading\"><strong>\ud83d\ude97 Pour une petite voiture<\/strong><\/h3>\n\n\n\n<p>\u2705 <strong>Id\u00e9al :<\/strong> <strong>porte-v\u00e9lo sur coffre (l\u00e9ger et peu encombrant)<\/strong><br>\ud83d\udccc Ex : <strong>Thule Freeway 968<\/strong> (facile \u00e0 monter, jusqu\u2019\u00e0 3 v\u00e9los)<\/p>\n\n\n\n<h3 class=\"wp-block-heading\"><strong>\ud83d\ude90 Pour un monospace<\/strong><\/h3>\n\n\n\n<p>\u2705 <strong>Id\u00e9al :<\/strong> <strong>porte-v\u00e9lo sur attelage avec grande capacit\u00e9<\/strong><br>\ud83d\udccc Ex : <strong>Atera Strada DL3<\/strong> (3 v\u00e9los, extensible \u00e0 4)<\/p>\n\n\n\n<h3 class=\"wp-block-heading\"><strong>\ud83d\ude99 Pour un SUV<\/strong><\/h3>\n\n\n\n<p>\u2705 <strong>Id\u00e9al :<\/strong> <strong>porte-v\u00e9lo sur attelage ou sur toit (selon l\u2019accessibilit\u00e9)<\/strong><br>\ud83d\udccc Ex : <strong>Thule EasyFold XT 3<\/strong> (attelage, pour v\u00e9los lourds)<\/p>\n\n\n\n<hr class=\"wp-block-separator has-alpha-channel-opacity\"\/>\n\n\n\n<h3 class=\"wp-block-heading\"><strong>\ud83d\udccc Conclusion : Quel porte-v\u00e9lo choisir ?<\/strong><\/h3>\n\n\n\n<p>\ud83d\udc49 <strong>Usage fr\u00e9quent ou familial ?<\/strong> Attelage<br>\ud83d\udc49 <strong>Occasionnel ou budget limit\u00e9 ?<\/strong> Coffre<br>\ud83d\udc49 <strong>Seul ou sportif ?<\/strong> Toit<\/p>\n\n\n\n<p><strong>\ud83d\udca1 Conseil :<\/strong> V\u00e9rifiez toujours la compatibilit\u00e9 avec votre v\u00e9hicule et assurez-vous de bien fixer vos v\u00e9los pour un transport en toute s\u00e9curit\u00e9 ! \ud83d\udeb4\u200d\u2642\ufe0f\ud83d\udca8<\/p>\n\n\n\n<hr class=\"wp-block-separator has-alpha-channel-opacity\"\/>\n\n\n\n<p>Cet article vous a-t-il aid\u00e9 \u00e0 choisir votre porte-v\u00e9lo ? \ud83d\ude0a<\/p>\n","protected":false},"excerpt":{"rendered":"<p>Je n&rsquo;ai jamais utilis\u00e9 de porte v\u00e9lo car j&rsquo;\u00e9tais pendant des ann\u00e9es seul avec un grand monospace, le v\u00e9lo rentrait donc facilement dans le coffre. Maintenant que je suis en famille avec 2 enfants, la question du porte v\u00e9lo est indispensable. Transporter ses v\u00e9los en toute s\u00e9curit\u00e9 est essentiel, que ce soit pour partir en &#8230; <a title=\"Quel porte-v\u00e9lo choisir selon votre v\u00e9hicule et votre usage ?\" class=\"read-more\" href=\"https:\/\/www.dailycarride.com\/fr\/quel-porte-velo-choisir-selon-votre-vehicule-et-votre-usage\/\" aria-label=\"Read more about Quel porte-v\u00e9lo choisir selon votre v\u00e9hicule et votre usage ?\">Lire la suite<\/a><\/p>\n","protected":false},"author":1,"featured_media":0,"comment_status":"open","ping_status":"open","sticky":false,"template":"","format":"standard","meta":{"_yoast_wpseo_focuskw":"quel porte v\u00e9lo choisir","_yoast_wpseo_title":"","_yoast_wpseo_metadesc":"","footnotes":""},"categories":[23],"tags":[],"class_list":["post-1736","post","type-post","status-publish","format-standard","hentry","category-accessoires"],"yoast_head":"<!-- This site is optimized with the Yoast SEO plugin v27.5 - https:\/\/yoast.com\/product\/yoast-seo-wordpress\/ -->\n<title>Quel porte-v\u00e9lo choisir selon votre v\u00e9hicule et votre usage ? - DailyCarRide<\/title>\n<meta name=\"robots\" content=\"index, follow, max-snippet:-1, max-image-preview:large, max-video-preview:-1\" \/>\n<link rel=\"canonical\" href=\"https:\/\/www.dailycarride.com\/fr\/quel-porte-velo-choisir-selon-votre-vehicule-et-votre-usage\/\" \/>\n<meta property=\"og:locale\" content=\"fr_FR\" \/>\n<meta property=\"og:type\" content=\"article\" \/>\n<meta property=\"og:title\" content=\"Quel porte-v\u00e9lo choisir selon votre v\u00e9hicule et votre usage ? - DailyCarRide\" \/>\n<meta property=\"og:description\" content=\"Je n&rsquo;ai jamais utilis\u00e9 de porte v\u00e9lo car j&rsquo;\u00e9tais pendant des ann\u00e9es seul avec un grand monospace, le v\u00e9lo rentrait donc facilement dans le coffre. Maintenant que je suis en famille avec 2 enfants, la question du porte v\u00e9lo est indispensable. Transporter ses v\u00e9los en toute s\u00e9curit\u00e9 est essentiel, que ce soit pour partir en ... Lire la suite\" \/>\n<meta property=\"og:url\" content=\"https:\/\/www.dailycarride.com\/fr\/quel-porte-velo-choisir-selon-votre-vehicule-et-votre-usage\/\" \/>\n<meta property=\"og:site_name\" content=\"DailyCarRide\" \/>\n<meta property=\"article:published_time\" content=\"2025-03-25T18:54:38+00:00\" \/>\n<meta property=\"article:modified_time\" content=\"2025-03-25T18:55:19+00:00\" \/>\n<meta name=\"author\" content=\"Steve\" \/>\n<meta name=\"twitter:card\" content=\"summary_large_image\" \/>\n<meta name=\"twitter:label1\" content=\"\u00c9crit par\" \/>\n\t<meta name=\"twitter:data1\" content=\"Steve\" \/>\n\t<meta name=\"twitter:label2\" content=\"Dur\u00e9e de lecture estim\u00e9e\" \/>\n\t<meta name=\"twitter:data2\" content=\"3 minutes\" \/>\n<script type=\"application\/ld+json\" class=\"yoast-schema-graph\">{\"@context\":\"https:\\\/\\\/schema.org\",\"@graph\":[{\"@type\":\"Article\",\"@id\":\"https:\\\/\\\/www.dailycarride.com\\\/fr\\\/quel-porte-velo-choisir-selon-votre-vehicule-et-votre-usage\\\/#article\",\"isPartOf\":{\"@id\":\"https:\\\/\\\/www.dailycarride.com\\\/fr\\\/quel-porte-velo-choisir-selon-votre-vehicule-et-votre-usage\\\/\"},\"author\":{\"name\":\"Steve\",\"@id\":\"https:\\\/\\\/www.dailycarride.com\\\/fr\\\/#\\\/schema\\\/person\\\/292b0bbe2593773b774af3f53d8722b0\"},\"headline\":\"Quel porte-v\u00e9lo choisir selon votre v\u00e9hicule et votre usage ?\",\"datePublished\":\"2025-03-25T18:54:38+00:00\",\"dateModified\":\"2025-03-25T18:55:19+00:00\",\"mainEntityOfPage\":{\"@id\":\"https:\\\/\\\/www.dailycarride.com\\\/fr\\\/quel-porte-velo-choisir-selon-votre-vehicule-et-votre-usage\\\/\"},\"wordCount\":597,\"commentCount\":0,\"articleSection\":[\"Accessoires\"],\"inLanguage\":\"fr-FR\",\"potentialAction\":[{\"@type\":\"CommentAction\",\"name\":\"Comment\",\"target\":[\"https:\\\/\\\/www.dailycarride.com\\\/fr\\\/quel-porte-velo-choisir-selon-votre-vehicule-et-votre-usage\\\/#respond\"]}]},{\"@type\":\"WebPage\",\"@id\":\"https:\\\/\\\/www.dailycarride.com\\\/fr\\\/quel-porte-velo-choisir-selon-votre-vehicule-et-votre-usage\\\/\",\"url\":\"https:\\\/\\\/www.dailycarride.com\\\/fr\\\/quel-porte-velo-choisir-selon-votre-vehicule-et-votre-usage\\\/\",\"name\":\"Quel porte-v\u00e9lo choisir selon votre v\u00e9hicule et votre usage ? - DailyCarRide\",\"isPartOf\":{\"@id\":\"https:\\\/\\\/www.dailycarride.com\\\/fr\\\/#website\"},\"datePublished\":\"2025-03-25T18:54:38+00:00\",\"dateModified\":\"2025-03-25T18:55:19+00:00\",\"author\":{\"@id\":\"https:\\\/\\\/www.dailycarride.com\\\/fr\\\/#\\\/schema\\\/person\\\/292b0bbe2593773b774af3f53d8722b0\"},\"breadcrumb\":{\"@id\":\"https:\\\/\\\/www.dailycarride.com\\\/fr\\\/quel-porte-velo-choisir-selon-votre-vehicule-et-votre-usage\\\/#breadcrumb\"},\"inLanguage\":\"fr-FR\",\"potentialAction\":[{\"@type\":\"ReadAction\",\"target\":[\"https:\\\/\\\/www.dailycarride.com\\\/fr\\\/quel-porte-velo-choisir-selon-votre-vehicule-et-votre-usage\\\/\"]}]},{\"@type\":\"BreadcrumbList\",\"@id\":\"https:\\\/\\\/www.dailycarride.com\\\/fr\\\/quel-porte-velo-choisir-selon-votre-vehicule-et-votre-usage\\\/#breadcrumb\",\"itemListElement\":[{\"@type\":\"ListItem\",\"position\":1,\"name\":\"Home\",\"item\":\"https:\\\/\\\/www.dailycarride.com\\\/fr\\\/\"},{\"@type\":\"ListItem\",\"position\":2,\"name\":\"Quel porte-v\u00e9lo choisir selon votre v\u00e9hicule et votre usage ?\"}]},{\"@type\":\"WebSite\",\"@id\":\"https:\\\/\\\/www.dailycarride.com\\\/fr\\\/#website\",\"url\":\"https:\\\/\\\/www.dailycarride.com\\\/fr\\\/\",\"name\":\"DailyCarRide\",\"description\":\"Por las personas que le gusta su caro de todos del dias\",\"potentialAction\":[{\"@type\":\"SearchAction\",\"target\":{\"@type\":\"EntryPoint\",\"urlTemplate\":\"https:\\\/\\\/www.dailycarride.com\\\/fr\\\/?s={search_term_string}\"},\"query-input\":{\"@type\":\"PropertyValueSpecification\",\"valueRequired\":true,\"valueName\":\"search_term_string\"}}],\"inLanguage\":\"fr-FR\"},{\"@type\":\"Person\",\"@id\":\"https:\\\/\\\/www.dailycarride.com\\\/fr\\\/#\\\/schema\\\/person\\\/292b0bbe2593773b774af3f53d8722b0\",\"name\":\"Steve\",\"image\":{\"@type\":\"ImageObject\",\"inLanguage\":\"fr-FR\",\"@id\":\"https:\\\/\\\/secure.gravatar.com\\\/avatar\\\/fd66b7333fe3f1672dd448349ae72907fb597efa04199db2dedbb25a9f6fc33d?s=96&d=mm&r=g\",\"url\":\"https:\\\/\\\/secure.gravatar.com\\\/avatar\\\/fd66b7333fe3f1672dd448349ae72907fb597efa04199db2dedbb25a9f6fc33d?s=96&d=mm&r=g\",\"contentUrl\":\"https:\\\/\\\/secure.gravatar.com\\\/avatar\\\/fd66b7333fe3f1672dd448349ae72907fb597efa04199db2dedbb25a9f6fc33d?s=96&d=mm&r=g\",\"caption\":\"Steve\"},\"sameAs\":[\"https:\\\/\\\/www.dailycarride.com\"],\"url\":\"https:\\\/\\\/www.dailycarride.com\\\/fr\\\/author\\\/steve\\\/\"}]}<\/script>\n<!-- \/ Yoast SEO plugin. -->","yoast_head_json":{"title":"Quel porte-v\u00e9lo choisir selon votre v\u00e9hicule et votre usage ? - DailyCarRide","robots":{"index":"index","follow":"follow","max-snippet":"max-snippet:-1","max-image-preview":"max-image-preview:large","max-video-preview":"max-video-preview:-1"},"canonical":"https:\/\/www.dailycarride.com\/fr\/quel-porte-velo-choisir-selon-votre-vehicule-et-votre-usage\/","og_locale":"fr_FR","og_type":"article","og_title":"Quel porte-v\u00e9lo choisir selon votre v\u00e9hicule et votre usage ? - DailyCarRide","og_description":"Je n&rsquo;ai jamais utilis\u00e9 de porte v\u00e9lo car j&rsquo;\u00e9tais pendant des ann\u00e9es seul avec un grand monospace, le v\u00e9lo rentrait donc facilement dans le coffre. Maintenant que je suis en famille avec 2 enfants, la question du porte v\u00e9lo est indispensable. Transporter ses v\u00e9los en toute s\u00e9curit\u00e9 est essentiel, que ce soit pour partir en ... Lire la suite","og_url":"https:\/\/www.dailycarride.com\/fr\/quel-porte-velo-choisir-selon-votre-vehicule-et-votre-usage\/","og_site_name":"DailyCarRide","article_published_time":"2025-03-25T18:54:38+00:00","article_modified_time":"2025-03-25T18:55:19+00:00","author":"Steve","twitter_card":"summary_large_image","twitter_misc":{"\u00c9crit par":"Steve","Dur\u00e9e de lecture estim\u00e9e":"3 minutes"},"schema":{"@context":"https:\/\/schema.org","@graph":[{"@type":"Article","@id":"https:\/\/www.dailycarride.com\/fr\/quel-porte-velo-choisir-selon-votre-vehicule-et-votre-usage\/#article","isPartOf":{"@id":"https:\/\/www.dailycarride.com\/fr\/quel-porte-velo-choisir-selon-votre-vehicule-et-votre-usage\/"},"author":{"name":"Steve","@id":"https:\/\/www.dailycarride.com\/fr\/#\/schema\/person\/292b0bbe2593773b774af3f53d8722b0"},"headline":"Quel porte-v\u00e9lo choisir selon votre v\u00e9hicule et votre usage ?","datePublished":"2025-03-25T18:54:38+00:00","dateModified":"2025-03-25T18:55:19+00:00","mainEntityOfPage":{"@id":"https:\/\/www.dailycarride.com\/fr\/quel-porte-velo-choisir-selon-votre-vehicule-et-votre-usage\/"},"wordCount":597,"commentCount":0,"articleSection":["Accessoires"],"inLanguage":"fr-FR","potentialAction":[{"@type":"CommentAction","name":"Comment","target":["https:\/\/www.dailycarride.com\/fr\/quel-porte-velo-choisir-selon-votre-vehicule-et-votre-usage\/#respond"]}]},{"@type":"WebPage","@id":"https:\/\/www.dailycarride.com\/fr\/quel-porte-velo-choisir-selon-votre-vehicule-et-votre-usage\/","url":"https:\/\/www.dailycarride.com\/fr\/quel-porte-velo-choisir-selon-votre-vehicule-et-votre-usage\/","name":"Quel porte-v\u00e9lo choisir selon votre v\u00e9hicule et votre usage ? - DailyCarRide","isPartOf":{"@id":"https:\/\/www.dailycarride.com\/fr\/#website"},"datePublished":"2025-03-25T18:54:38+00:00","dateModified":"2025-03-25T18:55:19+00:00","author":{"@id":"https:\/\/www.dailycarride.com\/fr\/#\/schema\/person\/292b0bbe2593773b774af3f53d8722b0"},"breadcrumb":{"@id":"https:\/\/www.dailycarride.com\/fr\/quel-porte-velo-choisir-selon-votre-vehicule-et-votre-usage\/#breadcrumb"},"inLanguage":"fr-FR","potentialAction":[{"@type":"ReadAction","target":["https:\/\/www.dailycarride.com\/fr\/quel-porte-velo-choisir-selon-votre-vehicule-et-votre-usage\/"]}]},{"@type":"BreadcrumbList","@id":"https:\/\/www.dailycarride.com\/fr\/quel-porte-velo-choisir-selon-votre-vehicule-et-votre-usage\/#breadcrumb","itemListElement":[{"@type":"ListItem","position":1,"name":"Home","item":"https:\/\/www.dailycarride.com\/fr\/"},{"@type":"ListItem","position":2,"name":"Quel porte-v\u00e9lo choisir selon votre v\u00e9hicule et votre usage ?"}]},{"@type":"WebSite","@id":"https:\/\/www.dailycarride.com\/fr\/#website","url":"https:\/\/www.dailycarride.com\/fr\/","name":"DailyCarRide","description":"Por las personas que le gusta su caro de todos del dias","potentialAction":[{"@type":"SearchAction","target":{"@type":"EntryPoint","urlTemplate":"https:\/\/www.dailycarride.com\/fr\/?s={search_term_string}"},"query-input":{"@type":"PropertyValueSpecification","valueRequired":true,"valueName":"search_term_string"}}],"inLanguage":"fr-FR"},{"@type":"Person","@id":"https:\/\/www.dailycarride.com\/fr\/#\/schema\/person\/292b0bbe2593773b774af3f53d8722b0","name":"Steve","image":{"@type":"ImageObject","inLanguage":"fr-FR","@id":"https:\/\/secure.gravatar.com\/avatar\/fd66b7333fe3f1672dd448349ae72907fb597efa04199db2dedbb25a9f6fc33d?s=96&d=mm&r=g","url":"https:\/\/secure.gravatar.com\/avatar\/fd66b7333fe3f1672dd448349ae72907fb597efa04199db2dedbb25a9f6fc33d?s=96&d=mm&r=g","contentUrl":"https:\/\/secure.gravatar.com\/avatar\/fd66b7333fe3f1672dd448349ae72907fb597efa04199db2dedbb25a9f6fc33d?s=96&d=mm&r=g","caption":"Steve"},"sameAs":["https:\/\/www.dailycarride.com"],"url":"https:\/\/www.dailycarride.com\/fr\/author\/steve\/"}]}},"_links":{"self":[{"href":"https:\/\/www.dailycarride.com\/fr\/wp-json\/wp\/v2\/posts\/1736","targetHints":{"allow":["GET"]}}],"collection":[{"href":"https:\/\/www.dailycarride.com\/fr\/wp-json\/wp\/v2\/posts"}],"about":[{"href":"https:\/\/www.dailycarride.com\/fr\/wp-json\/wp\/v2\/types\/post"}],"author":[{"embeddable":true,"href":"https:\/\/www.dailycarride.com\/fr\/wp-json\/wp\/v2\/users\/1"}],"replies":[{"embeddable":true,"href":"https:\/\/www.dailycarride.com\/fr\/wp-json\/wp\/v2\/comments?post=1736"}],"version-history":[{"count":1,"href":"https:\/\/www.dailycarride.com\/fr\/wp-json\/wp\/v2\/posts\/1736\/revisions"}],"predecessor-version":[{"id":1738,"href":"https:\/\/www.dailycarride.com\/fr\/wp-json\/wp\/v2\/posts\/1736\/revisions\/1738"}],"wp:attachment":[{"href":"https:\/\/www.dailycarride.com\/fr\/wp-json\/wp\/v2\/media?parent=1736"}],"wp:term":[{"taxonomy":"category","embeddable":true,"href":"https:\/\/www.dailycarride.com\/fr\/wp-json\/wp\/v2\/categories?post=1736"},{"taxonomy":"post_tag","embeddable":true,"href":"https:\/\/www.dailycarride.com\/fr\/wp-json\/wp\/v2\/tags?post=1736"}],"curies":[{"name":"wp","href":"https:\/\/api.w.org\/{rel}","templated":true}]}}