{"id":654,"date":"2024-03-17T08:06:53","date_gmt":"2024-03-17T08:06:53","guid":{"rendered":"https:\/\/www.dailycarride.com\/?p=654"},"modified":"2024-03-21T09:03:04","modified_gmt":"2024-03-21T09:03:04","slug":"se-puede-volver-a-tenir-el-interior-de-cuero-2","status":"publish","type":"post","link":"https:\/\/www.dailycarride.com\/es\/se-puede-volver-a-tenir-el-interior-de-cuero-2\/","title":{"rendered":"\u00bfSe puede volver a te\u00f1ir el interior de cuero?"},"content":{"rendered":"\n<p>\u00bfEs posible dar nueva vida a los asientos de cuero de su coche ti\u00f1\u00e9ndolos? Desde luego, para los entusiastas del autom\u00f3vil, la idea no es tan exc\u00e9ntrica como parece. Imag\u00ednese esto: sus asientos de cuero, testigos de muchas aventuras en la carretera, est\u00e1n empezando a perder su brillo, mostrando las cicatrices del tiempo. El tinte es como un pincel m\u00e1gico para revivir su juventud y esplendor.<\/p>\n\n\n\n<p>Empecemos este viaje de revitalizaci\u00f3n con una dosis de humor (\u00bfpor qu\u00e9 los asientos de cuero nunca juegan al escondite? Porque siempre acaban resquebraj\u00e1ndose). A continuaci\u00f3n, vamos a meternos de lleno en el proceso: aplicar tinte al cuero requiere precisi\u00f3n y pericia. Pero que no cunda el p\u00e1nico, le guiaremos a trav\u00e9s de los entresijos de esta metamorfosis. Despu\u00e9s de semejante transformaci\u00f3n, es crucial un cuidado meticuloso. Imag\u00ednese este cuero, como un cuero cabelludo despu\u00e9s de un buen champ\u00fa, necesitando cuidados y atenci\u00f3n para preservar el resplandor de su nuevo tono. Siga nuestros consejos y sus asientos de cuero no s\u00f3lo rejuvenecer\u00e1n, sino que estar\u00e1n listos para muchos m\u00e1s viajes \u00e9picos por carretera.<\/p>\n\n\n\n<h2 class=\"wp-block-heading\">\u00bfEs posible te\u00f1ir los asientos de cuero del coche?<\/h2>\n\n\n\n<p>\u00bfEs posible revigorizar a tus compa\u00f1eros de viaje de cuero? Para los aficionados al asfalto, la respuesta ruge con confianza: s\u00ed, es perfectamente factible te\u00f1ir los asientos de su coche para devolverles su antiguo esplendor. Cuando esos guardianes de tus viajes por carretera parezcan haber perdido su br\u00edo, empa\u00f1ados por los a\u00f1os o deslavados por los kil\u00f3metros, no te resignes a un habit\u00e1culo que suene a sentencia de muerte de la pasi\u00f3n. Es hora de pasar del simple b\u00e1lsamo para el cuero y embarcarse en una restauraci\u00f3n del resplandor.<\/p>\n\n\n<div class=\"wp-block-image\">\n<figure class=\"aligncenter size-large\"><img loading=\"lazy\" decoding=\"async\" width=\"1024\" height=\"515\" src=\"https:\/\/www.dailycarride.com\/wp-content\/uploads\/2024\/03\/Screenshot-1422-3-1024x515.webp\" alt=\"\" class=\"wp-image-655\" srcset=\"https:\/\/www.dailycarride.com\/wp-content\/uploads\/2024\/03\/Screenshot-1422-3-1024x515.webp 1024w, https:\/\/www.dailycarride.com\/wp-content\/uploads\/2024\/03\/Screenshot-1422-3-300x151.webp 300w, https:\/\/www.dailycarride.com\/wp-content\/uploads\/2024\/03\/Screenshot-1422-3-768x386.webp 768w, https:\/\/www.dailycarride.com\/wp-content\/uploads\/2024\/03\/Screenshot-1422-3.webp 1197w\" sizes=\"auto, (max-width: 1024px) 100vw, 1024px\" \/><\/figure>\n<\/div>\n\n\n<p>Inyectar nueva vida al cuero de tu coche no es magia negra, es un saber hacer accesible (Por cierto, \u00bfsabes por qu\u00e9 los asientos de cuero nunca participan en una carrera? Porque saben que acabar\u00e1n siendo adelantados). Los kits de tinte especialmente dise\u00f1ados para los amantes de la carretera ofrecen una paleta de renacimiento interior, sin requerir una inversi\u00f3n tit\u00e1nica ni la intervenci\u00f3n de un mago del cuero. Lejos de ser un camino pedregoso, esta transformaci\u00f3n es una aut\u00e9ntica autopista hacia la resurrecci\u00f3n de su espacio personal, permiti\u00e9ndole conducir con orgullo en un habit\u00e1culo que vuelve a reflejar su pasi\u00f3n por la artesan\u00eda fina. Y recuerde, devolver el color y la vitalidad a sus asientos no es s\u00f3lo una cuesti\u00f3n de est\u00e9tica, sino tambi\u00e9n una muestra de respeto hacia el compa\u00f1ero de viaje que le acompa\u00f1a fielmente en cada aceler\u00f3n.<\/p>\n\n\n\n<h2 class=\"wp-block-heading\">Qu\u00e9 necesitar\u00e1s para te\u00f1ir los asientos de cuero de tu coche<\/h2>\n\n\n\n<p>Preparar tu coche para una metamorfosis capilar no es ninguna haza\u00f1a, pero es una misi\u00f3n que cualquier entusiasta de la carrocer\u00eda y los interiores chic est\u00e1 dispuesto a emprender. Para quienes buscan reavivar el brillo de sus asientos de cuero sin hacer llorar a su cartera, el proceso, aunque laborioso, es un camino hacia la satisfacci\u00f3n. Los kits de tinte para asientos de cuero, con su completo arsenal para cada etapa de esta transformaci\u00f3n, son sus mejores aliados en esta b\u00fasqueda. De cinco a seis productos, que a primera vista parecen un ej\u00e9rcito imponente, son en realidad tu equipo de boxes para conseguir un acabado digno de exposici\u00f3n.<\/p>\n\n\n<div class=\"wp-block-image\">\n<figure class=\"aligncenter size-large\"><img loading=\"lazy\" decoding=\"async\" width=\"1024\" height=\"509\" src=\"https:\/\/www.dailycarride.com\/wp-content\/uploads\/2024\/03\/Screenshot-1423-3-1024x509.webp\" alt=\"\" class=\"wp-image-657\" srcset=\"https:\/\/www.dailycarride.com\/wp-content\/uploads\/2024\/03\/Screenshot-1423-3-1024x509.webp 1024w, https:\/\/www.dailycarride.com\/wp-content\/uploads\/2024\/03\/Screenshot-1423-3-300x149.webp 300w, https:\/\/www.dailycarride.com\/wp-content\/uploads\/2024\/03\/Screenshot-1423-3-768x382.webp 768w, https:\/\/www.dailycarride.com\/wp-content\/uploads\/2024\/03\/Screenshot-1423-3.webp 1317w\" sizes=\"auto, (max-width: 1024px) 100vw, 1024px\" \/><\/figure>\n<\/div>\n\n\n<p>Empecemos con el limpiador de cuero, tu primer compa\u00f1ero en el camino para librar al cuero de todas las impurezas. Despu\u00e9s entran en juego el l\u00edquido de preparaci\u00f3n y la imprimaci\u00f3n, que preparan el cuero para recibir el nuevo color con una adherencia \u00f3ptima. (\u00bfHas o\u00eddo hablar del asiento de cuero que intent\u00f3 te\u00f1irse solo? Acab\u00f3 tirando la toalla). Despu\u00e9s, dependiendo de la experiencia de sus asientos, el relleno del cuero puede rellenar las cicatrices de viajes pasados. El tinte, verdadera esencia de esta empresa, debe elegirse con precisi\u00f3n para que coincida con sus ambiciones crom\u00e1ticas. Por \u00faltimo, el sellado del cuero garantiza que su obra de arte dure muchos a\u00f1os. Sin olvidar, por supuesto, el pa\u00f1o de microfibra y la esponja aplicadora, sus fieles herramientas para una aplicaci\u00f3n cuidadosa y uniforme. \u00bfLa clave? El diagn\u00f3stico previo de cada producto en una zona discreta para garantizar una armon\u00eda perfecta. Con paciencia y ojo cr\u00edtico para los detalles, transformar\u00e1 el interior de su coche en una aut\u00e9ntica declaraci\u00f3n de estilo.<\/p>\n","protected":false},"excerpt":{"rendered":"<p>\u00bfEs posible dar nueva vida a los asientos de cuero de su coche ti\u00f1\u00e9ndolos? Desde luego, para los entusiastas del autom\u00f3vil, la idea no es tan exc\u00e9ntrica como parece. Imag\u00ednese esto: sus asientos de cuero, testigos de muchas aventuras en la carretera, est\u00e1n empezando a perder su brillo, mostrando las cicatrices del tiempo. El tinte &#8230; <a title=\"\u00bfSe puede volver a te\u00f1ir el interior de cuero?\" class=\"read-more\" href=\"https:\/\/www.dailycarride.com\/es\/se-puede-volver-a-tenir-el-interior-de-cuero-2\/\" aria-label=\"Leer m\u00e1s sobre \u00bfSe puede volver a te\u00f1ir el interior de cuero?\">Leer m\u00e1s<\/a><\/p>\n","protected":false},"author":2,"featured_media":659,"comment_status":"open","ping_status":"open","sticky":false,"template":"","format":"standard","meta":{"_yoast_wpseo_focuskw":"","_yoast_wpseo_title":"","_yoast_wpseo_metadesc":"","footnotes":""},"categories":[13],"tags":[],"class_list":["post-654","post","type-post","status-publish","format-standard","has-post-thumbnail","hentry","category-maintenance-es"],"yoast_head":"<!-- This site is optimized with the Yoast SEO plugin v27.5 - https:\/\/yoast.com\/product\/yoast-seo-wordpress\/ -->\n<title>\u00bfSe puede volver a te\u00f1ir el interior de cuero? - DailyCarRide<\/title>\n<meta name=\"robots\" content=\"index, follow, max-snippet:-1, max-image-preview:large, max-video-preview:-1\" \/>\n<link rel=\"canonical\" href=\"https:\/\/www.dailycarride.com\/es\/se-puede-volver-a-tenir-el-interior-de-cuero-2\/\" \/>\n<meta property=\"og:locale\" content=\"es_ES\" \/>\n<meta property=\"og:type\" content=\"article\" \/>\n<meta property=\"og:title\" content=\"\u00bfSe puede volver a te\u00f1ir el interior de cuero? - DailyCarRide\" \/>\n<meta property=\"og:description\" content=\"\u00bfEs posible dar nueva vida a los asientos de cuero de su coche ti\u00f1\u00e9ndolos? Desde luego, para los entusiastas del autom\u00f3vil, la idea no es tan exc\u00e9ntrica como parece. Imag\u00ednese esto: sus asientos de cuero, testigos de muchas aventuras en la carretera, est\u00e1n empezando a perder su brillo, mostrando las cicatrices del tiempo. El tinte ... Leer m\u00e1s\" \/>\n<meta property=\"og:url\" content=\"https:\/\/www.dailycarride.com\/es\/se-puede-volver-a-tenir-el-interior-de-cuero-2\/\" \/>\n<meta property=\"og:site_name\" content=\"DailyCarRide\" \/>\n<meta property=\"article:published_time\" content=\"2024-03-17T08:06:53+00:00\" \/>\n<meta property=\"article:modified_time\" content=\"2024-03-21T09:03:04+00:00\" \/>\n<meta property=\"og:image\" content=\"https:\/\/www.dailycarride.com\/wp-content\/uploads\/2024\/03\/Peut-on-re-colorer-son-interieur-cuir-_-2.webp\" \/>\n\t<meta property=\"og:image:width\" content=\"1200\" \/>\n\t<meta property=\"og:image:height\" content=\"675\" \/>\n\t<meta property=\"og:image:type\" content=\"image\/webp\" \/>\n<meta name=\"author\" content=\"Will\" \/>\n<meta name=\"twitter:card\" content=\"summary_large_image\" \/>\n<meta name=\"twitter:label1\" content=\"Escrito por\" \/>\n\t<meta name=\"twitter:data1\" content=\"Will\" \/>\n\t<meta name=\"twitter:label2\" content=\"Tiempo de lectura\" \/>\n\t<meta name=\"twitter:data2\" content=\"5 minutos\" \/>\n<script type=\"application\/ld+json\" class=\"yoast-schema-graph\">{\"@context\":\"https:\\\/\\\/schema.org\",\"@graph\":[{\"@type\":\"Article\",\"@id\":\"https:\\\/\\\/www.dailycarride.com\\\/es\\\/se-puede-volver-a-tenir-el-interior-de-cuero-2\\\/#article\",\"isPartOf\":{\"@id\":\"https:\\\/\\\/www.dailycarride.com\\\/es\\\/se-puede-volver-a-tenir-el-interior-de-cuero-2\\\/\"},\"author\":{\"name\":\"Will\",\"@id\":\"https:\\\/\\\/www.dailycarride.com\\\/es\\\/#\\\/schema\\\/person\\\/d85b7eb900bbacdddaefc7da21bc9dac\"},\"headline\":\"\u00bfSe puede volver a te\u00f1ir el interior de cuero?\",\"datePublished\":\"2024-03-17T08:06:53+00:00\",\"dateModified\":\"2024-03-21T09:03:04+00:00\",\"mainEntityOfPage\":{\"@id\":\"https:\\\/\\\/www.dailycarride.com\\\/es\\\/se-puede-volver-a-tenir-el-interior-de-cuero-2\\\/\"},\"wordCount\":794,\"commentCount\":0,\"image\":{\"@id\":\"https:\\\/\\\/www.dailycarride.com\\\/es\\\/se-puede-volver-a-tenir-el-interior-de-cuero-2\\\/#primaryimage\"},\"thumbnailUrl\":\"https:\\\/\\\/www.dailycarride.com\\\/wp-content\\\/uploads\\\/2024\\\/03\\\/Peut-on-re-colorer-son-interieur-cuir-_-2.webp\",\"articleSection\":[\"Maintenance\"],\"inLanguage\":\"es\",\"potentialAction\":[{\"@type\":\"CommentAction\",\"name\":\"Comment\",\"target\":[\"https:\\\/\\\/www.dailycarride.com\\\/es\\\/se-puede-volver-a-tenir-el-interior-de-cuero-2\\\/#respond\"]}]},{\"@type\":\"WebPage\",\"@id\":\"https:\\\/\\\/www.dailycarride.com\\\/es\\\/se-puede-volver-a-tenir-el-interior-de-cuero-2\\\/\",\"url\":\"https:\\\/\\\/www.dailycarride.com\\\/es\\\/se-puede-volver-a-tenir-el-interior-de-cuero-2\\\/\",\"name\":\"\u00bfSe puede volver a te\u00f1ir el interior de cuero? - DailyCarRide\",\"isPartOf\":{\"@id\":\"https:\\\/\\\/www.dailycarride.com\\\/es\\\/#website\"},\"primaryImageOfPage\":{\"@id\":\"https:\\\/\\\/www.dailycarride.com\\\/es\\\/se-puede-volver-a-tenir-el-interior-de-cuero-2\\\/#primaryimage\"},\"image\":{\"@id\":\"https:\\\/\\\/www.dailycarride.com\\\/es\\\/se-puede-volver-a-tenir-el-interior-de-cuero-2\\\/#primaryimage\"},\"thumbnailUrl\":\"https:\\\/\\\/www.dailycarride.com\\\/wp-content\\\/uploads\\\/2024\\\/03\\\/Peut-on-re-colorer-son-interieur-cuir-_-2.webp\",\"datePublished\":\"2024-03-17T08:06:53+00:00\",\"dateModified\":\"2024-03-21T09:03:04+00:00\",\"author\":{\"@id\":\"https:\\\/\\\/www.dailycarride.com\\\/es\\\/#\\\/schema\\\/person\\\/d85b7eb900bbacdddaefc7da21bc9dac\"},\"breadcrumb\":{\"@id\":\"https:\\\/\\\/www.dailycarride.com\\\/es\\\/se-puede-volver-a-tenir-el-interior-de-cuero-2\\\/#breadcrumb\"},\"inLanguage\":\"es\",\"potentialAction\":[{\"@type\":\"ReadAction\",\"target\":[\"https:\\\/\\\/www.dailycarride.com\\\/es\\\/se-puede-volver-a-tenir-el-interior-de-cuero-2\\\/\"]}]},{\"@type\":\"ImageObject\",\"inLanguage\":\"es\",\"@id\":\"https:\\\/\\\/www.dailycarride.com\\\/es\\\/se-puede-volver-a-tenir-el-interior-de-cuero-2\\\/#primaryimage\",\"url\":\"https:\\\/\\\/www.dailycarride.com\\\/wp-content\\\/uploads\\\/2024\\\/03\\\/Peut-on-re-colorer-son-interieur-cuir-_-2.webp\",\"contentUrl\":\"https:\\\/\\\/www.dailycarride.com\\\/wp-content\\\/uploads\\\/2024\\\/03\\\/Peut-on-re-colorer-son-interieur-cuir-_-2.webp\",\"width\":1200,\"height\":675},{\"@type\":\"BreadcrumbList\",\"@id\":\"https:\\\/\\\/www.dailycarride.com\\\/es\\\/se-puede-volver-a-tenir-el-interior-de-cuero-2\\\/#breadcrumb\",\"itemListElement\":[{\"@type\":\"ListItem\",\"position\":1,\"name\":\"Home\",\"item\":\"https:\\\/\\\/www.dailycarride.com\\\/es\\\/\"},{\"@type\":\"ListItem\",\"position\":2,\"name\":\"\u00bfSe puede volver a te\u00f1ir el interior de cuero?\"}]},{\"@type\":\"WebSite\",\"@id\":\"https:\\\/\\\/www.dailycarride.com\\\/es\\\/#website\",\"url\":\"https:\\\/\\\/www.dailycarride.com\\\/es\\\/\",\"name\":\"DailyCarRide\",\"description\":\"Por las personas que le gusta su caro de todos del dias\",\"potentialAction\":[{\"@type\":\"SearchAction\",\"target\":{\"@type\":\"EntryPoint\",\"urlTemplate\":\"https:\\\/\\\/www.dailycarride.com\\\/es\\\/?s={search_term_string}\"},\"query-input\":{\"@type\":\"PropertyValueSpecification\",\"valueRequired\":true,\"valueName\":\"search_term_string\"}}],\"inLanguage\":\"es\"},{\"@type\":\"Person\",\"@id\":\"https:\\\/\\\/www.dailycarride.com\\\/es\\\/#\\\/schema\\\/person\\\/d85b7eb900bbacdddaefc7da21bc9dac\",\"name\":\"Will\",\"image\":{\"@type\":\"ImageObject\",\"inLanguage\":\"es\",\"@id\":\"https:\\\/\\\/secure.gravatar.com\\\/avatar\\\/79e03f8b7690397c67c7ab4fa26c4d49c2684cd81232715f7d6265df64a91212?s=96&d=mm&r=g\",\"url\":\"https:\\\/\\\/secure.gravatar.com\\\/avatar\\\/79e03f8b7690397c67c7ab4fa26c4d49c2684cd81232715f7d6265df64a91212?s=96&d=mm&r=g\",\"contentUrl\":\"https:\\\/\\\/secure.gravatar.com\\\/avatar\\\/79e03f8b7690397c67c7ab4fa26c4d49c2684cd81232715f7d6265df64a91212?s=96&d=mm&r=g\",\"caption\":\"Will\"},\"url\":\"https:\\\/\\\/www.dailycarride.com\\\/es\\\/author\\\/will\\\/\"}]}<\/script>\n<!-- \/ Yoast SEO plugin. -->","yoast_head_json":{"title":"\u00bfSe puede volver a te\u00f1ir el interior de cuero? - DailyCarRide","robots":{"index":"index","follow":"follow","max-snippet":"max-snippet:-1","max-image-preview":"max-image-preview:large","max-video-preview":"max-video-preview:-1"},"canonical":"https:\/\/www.dailycarride.com\/es\/se-puede-volver-a-tenir-el-interior-de-cuero-2\/","og_locale":"es_ES","og_type":"article","og_title":"\u00bfSe puede volver a te\u00f1ir el interior de cuero? - DailyCarRide","og_description":"\u00bfEs posible dar nueva vida a los asientos de cuero de su coche ti\u00f1\u00e9ndolos? Desde luego, para los entusiastas del autom\u00f3vil, la idea no es tan exc\u00e9ntrica como parece. Imag\u00ednese esto: sus asientos de cuero, testigos de muchas aventuras en la carretera, est\u00e1n empezando a perder su brillo, mostrando las cicatrices del tiempo. El tinte ... Leer m\u00e1s","og_url":"https:\/\/www.dailycarride.com\/es\/se-puede-volver-a-tenir-el-interior-de-cuero-2\/","og_site_name":"DailyCarRide","article_published_time":"2024-03-17T08:06:53+00:00","article_modified_time":"2024-03-21T09:03:04+00:00","og_image":[{"width":1200,"height":675,"url":"https:\/\/www.dailycarride.com\/wp-content\/uploads\/2024\/03\/Peut-on-re-colorer-son-interieur-cuir-_-2.webp","type":"image\/webp"}],"author":"Will","twitter_card":"summary_large_image","twitter_misc":{"Escrito por":"Will","Tiempo de lectura":"5 minutos"},"schema":{"@context":"https:\/\/schema.org","@graph":[{"@type":"Article","@id":"https:\/\/www.dailycarride.com\/es\/se-puede-volver-a-tenir-el-interior-de-cuero-2\/#article","isPartOf":{"@id":"https:\/\/www.dailycarride.com\/es\/se-puede-volver-a-tenir-el-interior-de-cuero-2\/"},"author":{"name":"Will","@id":"https:\/\/www.dailycarride.com\/es\/#\/schema\/person\/d85b7eb900bbacdddaefc7da21bc9dac"},"headline":"\u00bfSe puede volver a te\u00f1ir el interior de cuero?","datePublished":"2024-03-17T08:06:53+00:00","dateModified":"2024-03-21T09:03:04+00:00","mainEntityOfPage":{"@id":"https:\/\/www.dailycarride.com\/es\/se-puede-volver-a-tenir-el-interior-de-cuero-2\/"},"wordCount":794,"commentCount":0,"image":{"@id":"https:\/\/www.dailycarride.com\/es\/se-puede-volver-a-tenir-el-interior-de-cuero-2\/#primaryimage"},"thumbnailUrl":"https:\/\/www.dailycarride.com\/wp-content\/uploads\/2024\/03\/Peut-on-re-colorer-son-interieur-cuir-_-2.webp","articleSection":["Maintenance"],"inLanguage":"es","potentialAction":[{"@type":"CommentAction","name":"Comment","target":["https:\/\/www.dailycarride.com\/es\/se-puede-volver-a-tenir-el-interior-de-cuero-2\/#respond"]}]},{"@type":"WebPage","@id":"https:\/\/www.dailycarride.com\/es\/se-puede-volver-a-tenir-el-interior-de-cuero-2\/","url":"https:\/\/www.dailycarride.com\/es\/se-puede-volver-a-tenir-el-interior-de-cuero-2\/","name":"\u00bfSe puede volver a te\u00f1ir el interior de cuero? - DailyCarRide","isPartOf":{"@id":"https:\/\/www.dailycarride.com\/es\/#website"},"primaryImageOfPage":{"@id":"https:\/\/www.dailycarride.com\/es\/se-puede-volver-a-tenir-el-interior-de-cuero-2\/#primaryimage"},"image":{"@id":"https:\/\/www.dailycarride.com\/es\/se-puede-volver-a-tenir-el-interior-de-cuero-2\/#primaryimage"},"thumbnailUrl":"https:\/\/www.dailycarride.com\/wp-content\/uploads\/2024\/03\/Peut-on-re-colorer-son-interieur-cuir-_-2.webp","datePublished":"2024-03-17T08:06:53+00:00","dateModified":"2024-03-21T09:03:04+00:00","author":{"@id":"https:\/\/www.dailycarride.com\/es\/#\/schema\/person\/d85b7eb900bbacdddaefc7da21bc9dac"},"breadcrumb":{"@id":"https:\/\/www.dailycarride.com\/es\/se-puede-volver-a-tenir-el-interior-de-cuero-2\/#breadcrumb"},"inLanguage":"es","potentialAction":[{"@type":"ReadAction","target":["https:\/\/www.dailycarride.com\/es\/se-puede-volver-a-tenir-el-interior-de-cuero-2\/"]}]},{"@type":"ImageObject","inLanguage":"es","@id":"https:\/\/www.dailycarride.com\/es\/se-puede-volver-a-tenir-el-interior-de-cuero-2\/#primaryimage","url":"https:\/\/www.dailycarride.com\/wp-content\/uploads\/2024\/03\/Peut-on-re-colorer-son-interieur-cuir-_-2.webp","contentUrl":"https:\/\/www.dailycarride.com\/wp-content\/uploads\/2024\/03\/Peut-on-re-colorer-son-interieur-cuir-_-2.webp","width":1200,"height":675},{"@type":"BreadcrumbList","@id":"https:\/\/www.dailycarride.com\/es\/se-puede-volver-a-tenir-el-interior-de-cuero-2\/#breadcrumb","itemListElement":[{"@type":"ListItem","position":1,"name":"Home","item":"https:\/\/www.dailycarride.com\/es\/"},{"@type":"ListItem","position":2,"name":"\u00bfSe puede volver a te\u00f1ir el interior de cuero?"}]},{"@type":"WebSite","@id":"https:\/\/www.dailycarride.com\/es\/#website","url":"https:\/\/www.dailycarride.com\/es\/","name":"DailyCarRide","description":"Por las personas que le gusta su caro de todos del dias","potentialAction":[{"@type":"SearchAction","target":{"@type":"EntryPoint","urlTemplate":"https:\/\/www.dailycarride.com\/es\/?s={search_term_string}"},"query-input":{"@type":"PropertyValueSpecification","valueRequired":true,"valueName":"search_term_string"}}],"inLanguage":"es"},{"@type":"Person","@id":"https:\/\/www.dailycarride.com\/es\/#\/schema\/person\/d85b7eb900bbacdddaefc7da21bc9dac","name":"Will","image":{"@type":"ImageObject","inLanguage":"es","@id":"https:\/\/secure.gravatar.com\/avatar\/79e03f8b7690397c67c7ab4fa26c4d49c2684cd81232715f7d6265df64a91212?s=96&d=mm&r=g","url":"https:\/\/secure.gravatar.com\/avatar\/79e03f8b7690397c67c7ab4fa26c4d49c2684cd81232715f7d6265df64a91212?s=96&d=mm&r=g","contentUrl":"https:\/\/secure.gravatar.com\/avatar\/79e03f8b7690397c67c7ab4fa26c4d49c2684cd81232715f7d6265df64a91212?s=96&d=mm&r=g","caption":"Will"},"url":"https:\/\/www.dailycarride.com\/es\/author\/will\/"}]}},"_links":{"self":[{"href":"https:\/\/www.dailycarride.com\/es\/wp-json\/wp\/v2\/posts\/654","targetHints":{"allow":["GET"]}}],"collection":[{"href":"https:\/\/www.dailycarride.com\/es\/wp-json\/wp\/v2\/posts"}],"about":[{"href":"https:\/\/www.dailycarride.com\/es\/wp-json\/wp\/v2\/types\/post"}],"author":[{"embeddable":true,"href":"https:\/\/www.dailycarride.com\/es\/wp-json\/wp\/v2\/users\/2"}],"replies":[{"embeddable":true,"href":"https:\/\/www.dailycarride.com\/es\/wp-json\/wp\/v2\/comments?post=654"}],"version-history":[{"count":1,"href":"https:\/\/www.dailycarride.com\/es\/wp-json\/wp\/v2\/posts\/654\/revisions"}],"predecessor-version":[{"id":661,"href":"https:\/\/www.dailycarride.com\/es\/wp-json\/wp\/v2\/posts\/654\/revisions\/661"}],"wp:featuredmedia":[{"embeddable":true,"href":"https:\/\/www.dailycarride.com\/es\/wp-json\/wp\/v2\/media\/659"}],"wp:attachment":[{"href":"https:\/\/www.dailycarride.com\/es\/wp-json\/wp\/v2\/media?parent=654"}],"wp:term":[{"taxonomy":"category","embeddable":true,"href":"https:\/\/www.dailycarride.com\/es\/wp-json\/wp\/v2\/categories?post=654"},{"taxonomy":"post_tag","embeddable":true,"href":"https:\/\/www.dailycarride.com\/es\/wp-json\/wp\/v2\/tags?post=654"}],"curies":[{"name":"wp","href":"https:\/\/api.w.org\/{rel}","templated":true}]}}